{"id":30478,"date":"2019-09-22T15:33:34","date_gmt":"2019-09-22T13:33:34","guid":{"rendered":"https:\/\/www.slovensky-kopov.sk\/?p=30478"},"modified":"2019-09-22T15:33:34","modified_gmt":"2019-09-22T13:33:34","slug":"1-kolo-vyberu-na-mar-2019","status":"publish","type":"post","link":"https:\/\/slovensky-kopov.sk\/?p=30478","title":{"rendered":"1. kolo v\u00fdberu na MAR, MAIR 2019"},"content":{"rendered":"<p>D\u0148a 28.9.2019 sa uskuto\u010dn\u00ed prv\u00e9 kolo v\u00fdberu na MAR 2019 a MAIR 2019.<\/p>\n<p>Na v\u00fdber sa prihl\u00e1silo spolu 34 kopovov.<\/p>\n<p>Sk\u00fa\u0161a\u0165 sa bude 5 min\u00fat od prv\u00e9ho kontaktu s diviakom . Po vpusten\u00ed psa do obory nebude ur\u010den\u00fd \u017eiadny \u010dasov\u00fd limit na n\u00e1jdenie diviaka, av\u0161ak bude na pos\u00faden\u00ed rozhodcovskej komisie, kedy ukon\u010d\u00ed h\u013eadanie \u2013 bl\u00fadenie bez z\u00e1ujmu n\u00e1js\u0165, snaha opusti\u0165 opl\u00f4tok at\u010f.<\/p>\n<p><a href=\"https:\/\/www.slovensky-kopov.sk\/wp-content\/uploads\/2019\/09\/mar.jpg\"><img fetchpriority=\"high\" decoding=\"async\" class=\"alignnone wp-image-30498\" src=\"https:\/\/www.slovensky-kopov.sk\/wp-content\/uploads\/2019\/09\/mar-300x192.jpg\" alt=\"\" width=\"384\" height=\"246\"><\/a><\/p>\n<p>&nbsp;<\/p>\n<p>Severoslovensk\u00e1 oblas\u0165 &#8211; 15 kopovov&nbsp;<\/p>\n<p>V\u00fdber sa bude kona\u0165 28.9.2019 o 9.00 v opl\u00f4tku v L\u00fa\u010dkach<\/p>\n<p>Posudzova\u0165 bud\u00fa &#8211; Franti\u0161ek Homola, Silvester Pastva, Milan \u0160pirko, J\u00e1n Ga\u017e\u00far, Ing. Tom\u00e1\u0161 Toma\u0161ec<\/p>\n<p>Do druh\u00e9ho kola post\u00fapi 7 kopovov<\/p>\n<p>&nbsp;<\/p>\n<p>Stredoslovensk\u00e1 oblas\u0165 &#8211; 10 kopovov<\/p>\n<p>V\u00fdber sa bude kona\u0165 28.9.2019 o 9.00 v opl\u00f4tku v Div\u00edne<\/p>\n<p>Posudzova\u0165 bud\u00fa &#8211; Ing. Stanislav Morav\u010d\u00edk, Ing. Jaroslav K\u00fdpe\u0165, Zolt\u00e1n H\u00edve\u0161, Mari\u00e1n Kuruc<\/p>\n<p>Do druh\u00e9ho kola post\u00fapia 4 kopovi<\/p>\n<p>&nbsp;<\/p>\n<p>V\u00fdchodoslovensk\u00e1 oblas\u0165 &#8211; 9 kopovov<\/p>\n<p>V\u00fdber sa bude kona\u0165&nbsp; 28.9.2019 o 9.00 v opl\u00f4tku v Matovciach (okres Svidn\u00edk).<\/p>\n<p>Posudzova\u0165 bud\u00fa- Peter Rusn\u00e1k, Bc. Milan Sahajda, Franti\u0161ek \u017delezn\u00edk<\/p>\n<p>Do druh\u00e9ho kola post\u00fapia 4 kopovi<\/p>\n<table style=\"border-collapse: collapse; width: 47.6846%; height: 394px;\">\n<tbody>\n<tr style=\"height: 24px;\">\n<td style=\"height: 24px; text-align: center; width: 127.373%;\" colspan=\"3\">Severoslovensk\u00e1 oblas\u0165<\/td>\n<\/tr>\n<tr style=\"height: 24px;\">\n<td style=\"width: 31.9368%; height: 24px;\">SPKP \/ Meno psa\/suky<\/td>\n<td style=\"width: 45.8322%; height: 24px;\">Meno vodi\u010da<\/td>\n<td style=\"width: 49.6037%; height: 24px;\">Potvrdenie \u00fa\u010dasti<\/td>\n<\/tr>\n<tr style=\"height: 24px;\">\n<td style=\"width: 31.9368%; height: 24px;\">17017\/19&nbsp;<strong>IBRA zo \u0160arampova<\/strong><\/td>\n<td style=\"width: 45.8322%; height: 24px;\">Ing. Martina P\u0161enkov\u00e1, PhD.<\/td>\n<td style=\"width: 49.6037%; height: 24px;\">\u00da\u010das\u0165 potvrden\u00e1<\/td>\n<\/tr>\n<tr style=\"height: 24px;\">\n<td style=\"width: 31.9368%; height: 24px;\">17325\/18&nbsp;<strong>CEDRA Hybsk\u00e1 Ties\u0148ava<\/strong><\/td>\n<td style=\"width: 45.8322%; height: 24px;\">Martin Mi\u010dev<\/td>\n<td style=\"width: 49.6037%; height: 24px;\">\u00da\u010das\u0165 potvrden\u00e1<\/td>\n<\/tr>\n<tr style=\"height: 24px;\">\n<td style=\"width: 31.9368%; height: 24px;\">18103\/19&nbsp;<strong>BRUT od \u0160ratnova<\/strong><\/td>\n<td style=\"width: 45.8322%; height: 24px;\">Bc. Jozef Kr\u00e1lik<\/td>\n<td style=\"width: 49.6037%; height: 24px;\">\u00da\u010das\u0165 potvrden\u00e1<\/td>\n<\/tr>\n<tr style=\"height: 24px;\">\n<td style=\"width: 31.9368%; height: 24px;\">17687\/19&nbsp;<strong>ANDY z Dlhopolskej doliny<\/strong><\/td>\n<td style=\"width: 45.8322%; height: 24px;\">Mari\u00e1n&nbsp; Poll\u00e1k<\/td>\n<td style=\"width: 49.6037%; height: 24px;\">\u00da\u010das\u0165 potvrden\u00e1<\/td>\n<\/tr>\n<tr style=\"height: 24px;\">\n<td style=\"width: 31.9368%; height: 24px;\">17740\/18&nbsp;<strong>GINA z Judavinklu<\/strong><\/td>\n<td style=\"width: 45.8322%; height: 24px;\">Cyril Or\u010d\u00edk<\/td>\n<td style=\"width: 49.6037%; height: 24px;\">\u00da\u010das\u0165 potvrden\u00e1<\/td>\n<\/tr>\n<tr style=\"height: 24px;\">\n<td style=\"width: 31.9368%; height: 24px;\">15756\/16&nbsp;<strong>BYSTRA z Poliakovca<\/strong><\/td>\n<td style=\"width: 45.8322%; height: 24px;\">Michal Streli\u010dka<\/td>\n<td style=\"width: 49.6037%; height: 24px;\">\u00da\u010das\u0165 potvrden\u00e1<\/td>\n<\/tr>\n<tr style=\"height: 24px;\">\n<td style=\"width: 31.9368%; height: 24px;\">17570\/18&nbsp;<strong>GERO z Poliakovca<\/strong><\/td>\n<td style=\"width: 45.8322%; height: 24px;\">Pavol Mi\u0161un<\/td>\n<td style=\"width: 49.6037%; height: 24px;\">\u00da\u010das\u0165 potvrden\u00e1<\/td>\n<\/tr>\n<tr style=\"height: 24px;\">\n<td style=\"width: 31.9368%; height: 24px;\">17399\/19&nbsp;<strong>CASIUS spod Kunovej<\/strong><\/td>\n<td style=\"width: 45.8322%; height: 24px;\">Norbert Kov\u00e1\u010dik<\/td>\n<td style=\"width: 49.6037%; height: 24px;\">\u00da\u010das\u0165 potvrden\u00e1<\/td>\n<\/tr>\n<tr style=\"height: 24px;\">\n<td style=\"width: 31.9368%; height: 10px;\">17039\/19&nbsp;<strong>JOLO Dzuno\u0161aj<\/strong><\/td>\n<td style=\"width: 45.8322%; height: 10px;\">Marian Poloni<\/td>\n<td style=\"width: 49.6037%; height: 10px;\">\u00da\u010das\u0165 potvrden\u00e1<\/td>\n<\/tr>\n<tr style=\"height: 24px;\">\n<td style=\"width: 31.9368%; height: 24px;\">17605\/19&nbsp;<strong>AGIE Br\u010dkov dvor<\/strong><\/td>\n<td style=\"width: 45.8322%; height: 24px;\">Franti\u0161ek Ond\u00e1k<\/td>\n<td style=\"width: 49.6037%; height: 24px;\">\u00da\u010das\u0165 potvrden\u00e1<\/td>\n<\/tr>\n<tr style=\"height: 24px;\">\n<td style=\"width: 31.9368%; height: 24px;\">17955\/19&nbsp;<strong>BORAN Astor bojna<\/strong><\/td>\n<td style=\"width: 45.8322%; height: 24px;\">Vladim\u00edr Pe\u0165ko<\/td>\n<td style=\"width: 49.6037%; height: 24px;\">\u00da\u010das\u0165 potvrden\u00e1<\/td>\n<\/tr>\n<tr style=\"height: 24px;\">\n<td style=\"width: 31.9368%; height: 24px;\">17890&nbsp;<strong>AKY spod Mn\u00edchovej \u00fabo\u010de<\/strong><\/td>\n<td style=\"width: 45.8322%; height: 24px;\">Viliam Mas\u00e1r<\/td>\n<td style=\"width: 49.6037%; height: 24px;\">\u00da\u010das\u0165 potvrden\u00e1<\/td>\n<\/tr>\n<tr style=\"height: 24px;\">\n<td style=\"width: 31.9368%; height: 24px;\">16312\/17&nbsp;<strong>HARY Dzuno\u0161aj<\/strong><\/td>\n<td style=\"width: 45.8322%; height: 24px;\">Jaroslav \u0160ebe\u0148a<\/td>\n<td style=\"width: 49.6037%; height: 24px;\">\u00da\u010das\u0165 potvrden\u00e1<\/td>\n<\/tr>\n<tr style=\"height: 24px;\">\n<td style=\"width: 31.9368%; height: 24px;\">17684\/19&nbsp;<strong>ANDER z Dlhopolskej Doliny<\/strong><\/td>\n<td style=\"width: 45.8322%; height: 24px;\">Ing. Anton Kudel\u010d\u00edk<\/td>\n<td style=\"width: 49.6037%; height: 24px;\">\u00da\u010das\u0165 potvrden\u00e1<\/td>\n<\/tr>\n<tr style=\"height: 24px;\">\n<td style=\"width: 31.9368%; height: 24px;\">17607\/19&nbsp;<strong>CIRO \u017dab\u00ed potok<\/strong><\/td>\n<td style=\"width: 45.8322%; height: 24px;\">J\u00e1n Eli\u00e1\u0161<\/td>\n<td style=\"width: 49.6037%; height: 24px;\">&nbsp;<\/td>\n<\/tr>\n<\/tbody>\n<\/table>\n<p>&nbsp;<\/p>\n<table style=\"border-collapse: collapse; width: 41.885%; height: 394px;\">\n<tbody>\n<tr style=\"height: 24px;\">\n<td style=\"height: 24px; text-align: center; width: 41.8621%;\" colspan=\"3\">Stredoslovensk\u00e1 oblas\u0165<\/td>\n<\/tr>\n<tr style=\"height: 24px;\">\n<td style=\"width: 21.8148%; height: 24px;\">SPKP \/ Meno psa\/suky<\/td>\n<td style=\"width: 11.456%; height: 24px;\">Meno vodi\u010da<\/td>\n<td style=\"width: 8.59129%; height: 24px;\">Potvrdenie \u00fa\u010dasti<\/td>\n<\/tr>\n<tr style=\"height: 24px;\">\n<td style=\"width: 21.8148%; height: 24px;\">17277 <strong>IRK z Hornej B\u00e1by<\/strong><\/td>\n<td style=\"width: 11.456%; height: 24px;\">Milan Vacul\u010diak<\/td>\n<td style=\"width: 8.59129%; height: 24px;\">\u00da\u010das\u0165 potvrden\u00e1<\/td>\n<\/tr>\n<tr style=\"height: 24px;\">\n<td style=\"width: 21.8148%; height: 24px;\">17276 <strong>IKAR z Hornej B\u00e1by<\/strong><\/td>\n<td style=\"width: 11.456%; height: 24px;\">Vladim\u00edr \u0160purek<\/td>\n<td style=\"width: 8.59129%; height: 24px;\">\u00da\u010das\u0165 potvrden\u00e1<\/td>\n<\/tr>\n<tr style=\"height: 24px;\">\n<td style=\"width: 21.8148%; height: 24px;\">17275\/18 <strong>HERA z Hornej B\u00e1by<\/strong><\/td>\n<td style=\"width: 11.456%; height: 24px;\">Michal Valaskai<\/td>\n<td style=\"width: 8.59129%; height: 24px;\">\u00da\u010das\u0165 potvrden\u00e1<\/td>\n<\/tr>\n<tr style=\"height: 24px;\">\n<td style=\"width: 21.8148%; height: 24px;\">17265\/18 <strong>BETY spod Kamenn\u00e9ho Janka<\/strong><\/td>\n<td style=\"width: 11.456%; height: 24px;\">Michal Valaskai<\/td>\n<td style=\"width: 8.59129%; height: 24px;\">\u00da\u010das\u0165 potvrden\u00e1<\/td>\n<\/tr>\n<tr style=\"height: 24px;\">\n<td style=\"width: 21.8148%; height: 24px;\">16915\/17 <strong>ER\u017dA z Poliakovca<\/strong><\/td>\n<td style=\"width: 11.456%; height: 24px;\">Ing. Marek Cvik<\/td>\n<td style=\"width: 8.59129%; height: 24px;\">\u00da\u010das\u0165 potvrden\u00e1<\/td>\n<\/tr>\n<tr style=\"height: 24px;\">\n<td style=\"width: 21.8148%; height: 24px;\">17990\/19 <strong>BORA Bukov diel<\/strong><\/td>\n<td style=\"width: 11.456%; height: 24px;\">Luk\u00e1\u0161 B\u00e1lint<\/td>\n<td style=\"width: 8.59129%; height: 24px;\">\u00da\u010das\u0165 potvrden\u00e1<\/td>\n<\/tr>\n<tr style=\"height: 24px;\">\n<td style=\"width: 21.8148%; height: 24px;\">16495\/17 <strong>GERDA \u0160irok\u00e1 dolina<\/strong><\/td>\n<td style=\"width: 11.456%; height: 24px;\">Miroslav Diani\u0161ka<\/td>\n<td style=\"width: 8.59129%; height: 24px;\">&nbsp;<\/td>\n<\/tr>\n<tr style=\"height: 24px;\">\n<td style=\"width: 21.8148%; height: 24px;\">17583 <strong>BADD Chmelov dvor v L\u00e1be<\/strong><\/td>\n<td style=\"width: 11.456%; height: 24px;\">Bc. Michal D\u00e1vid<\/td>\n<td style=\"width: 8.59129%; height: 24px;\">\u00da\u010das\u0165 potvrden\u00e1<\/td>\n<\/tr>\n<tr style=\"height: 24px;\">\n<td style=\"width: 21.8148%; height: 10px;\">17414\/19 <strong>HEROS z Hal\u010de<\/strong><\/td>\n<td style=\"width: 11.456%; height: 10px;\">Mgr. Juraj \u0160taudinger<\/td>\n<td style=\"width: 8.59129%; height: 10px;\">\u00da\u010das\u0165 zru\u0161en\u00e1<\/td>\n<\/tr>\n<tr style=\"height: 24px;\">\n<td style=\"width: 21.8148%; height: 24px;\">17550\/18 <strong>GL\u00d3RED spod Macovho vrchu<\/strong><\/td>\n<td style=\"width: 11.456%; height: 24px;\">Mgr. Juraj \u0160taudinger<\/td>\n<td style=\"width: 8.59129%; height: 24px;\">\u00da\u010das\u0165 potvrden\u00e1<\/td>\n<\/tr>\n<\/tbody>\n<\/table>\n<p>&nbsp;<\/p>\n<table style=\"border-collapse: collapse; width: 47.7959%; height: 394px;\">\n<tbody>\n<tr style=\"height: 24px;\">\n<td style=\"text-align: center; height: 24px; width: 124.681%;\" colspan=\"3\">V\u00fdchodoslovensk\u00e1 oblas\u0165<\/td>\n<\/tr>\n<tr style=\"height: 24px;\">\n<td style=\"width: 42.695%; height: 24px;\">SPKP \/ Meno psa\/suky<\/td>\n<td style=\"width: 37.4973%; height: 24px;\">Meno vodi\u010da<\/td>\n<td style=\"width: 44.4884%;\">Potvrdenie \u00fa\u010dasti<\/td>\n<\/tr>\n<tr style=\"height: 24px;\">\n<td style=\"width: 42.695%; height: 24px;\">17022\/18&nbsp;<strong>GARY z Hornej B\u00e1by<\/strong><\/td>\n<td style=\"width: 37.4973%; height: 24px;\">Marek Cipcer<\/td>\n<td style=\"width: 44.4884%;\">\u00da\u010das\u0165 zru\u0161en\u00e1<\/td>\n<\/tr>\n<tr style=\"height: 24px;\">\n<td style=\"width: 42.695%; height: 24px;\">&nbsp;16950\/18&nbsp;<strong>EBBIE od Majira<\/strong><\/td>\n<td style=\"width: 37.4973%; height: 24px;\">&nbsp;Jozef Ivan<\/td>\n<td style=\"width: 44.4884%;\">\u00da\u010das\u0165 potvrden\u00e1<\/td>\n<\/tr>\n<tr style=\"height: 24px;\">\n<td style=\"width: 42.695%; height: 24px;\">17403\/18&nbsp;<strong>CRIS spod Kunovej<\/strong><\/td>\n<td style=\"width: 37.4973%; height: 24px;\">MVDr. Slavom\u00edra Harba\u013eov\u00e1 Lupt\u00e1kov\u00e1<\/td>\n<td style=\"width: 44.4884%;\">\u00da\u010das\u0165 potvrden\u00e1<\/td>\n<\/tr>\n<tr style=\"height: 24px;\">\n<td style=\"width: 42.695%; height: 24px;\">16633\/16&nbsp;<strong>LOLA spod Sobrany<\/strong><\/td>\n<td style=\"width: 37.4973%; height: 24px;\">Jaroslav &nbsp;Fert\u00e1\u013e<\/td>\n<td style=\"width: 44.4884%;\">\u00da\u010das\u0165 potvrden\u00e1&nbsp;<\/td>\n<\/tr>\n<tr style=\"height: 24px;\">\n<td style=\"width: 42.695%; height: 24px;\">17401\/18&nbsp;<strong>CODY spod Kunovej<\/strong><\/td>\n<td style=\"width: 37.4973%; height: 24px;\">Marek \u0160tofan\u00edk<\/td>\n<td style=\"width: 44.4884%;\">\u00da\u010das\u0165 potvrden\u00e1&nbsp;<\/td>\n<\/tr>\n<tr style=\"height: 24px;\">\n<td style=\"width: 42.695%; height: 24px;\">17397&nbsp;<strong>CAKY spod Kunovej<\/strong><\/td>\n<td style=\"width: 37.4973%; height: 24px;\">\u0160tefan Jane\u010dko<\/td>\n<td style=\"width: 44.4884%;\">\u00da\u010das\u0165 potvrden\u00e1<\/td>\n<\/tr>\n<tr style=\"height: 24px;\">\n<td style=\"width: 42.695%; height: 24px;\">17491\/18&nbsp;<strong>CEER od Krivej hory<\/strong><\/td>\n<td style=\"width: 37.4973%; height: 24px;\">Martin Slota<\/td>\n<td style=\"width: 44.4884%;\">\u00da\u010das\u0165 potvrden\u00e1<\/td>\n<\/tr>\n<tr style=\"height: 24px;\">\n<td style=\"width: 42.695%; height: 24px;\">17490\/18&nbsp;<strong>CAR od Krivej hory<\/strong><\/td>\n<td style=\"width: 37.4973%; height: 24px;\">J\u00e1n Hopko<\/td>\n<td style=\"width: 44.4884%;\">\u00da\u010das\u0165 potvrden\u00e1&nbsp;<\/td>\n<\/tr>\n<tr style=\"height: 24px;\">\n<td style=\"width: 42.695%; height: 10px;\">17404\/18&nbsp;<strong>CIFRA spod Kunovej<\/strong><\/td>\n<td style=\"width: 37.4973%; height: 10px;\">Pavol Seman<\/td>\n<td style=\"width: 44.4884%;\">\u00da\u010das\u0165 potvrden\u00e1&nbsp;<\/td>\n<\/tr>\n<\/tbody>\n<\/table>\n<p>&nbsp;<\/p>\n<p>Admin KCHSK<\/p>\n","protected":false},"excerpt":{"rendered":"<p>D\u0148a 28.9.2019 sa uskuto\u010dn\u00ed prv\u00e9 kolo v\u00fdberu na MAR 2019 a MAIR 2019. Na v\u00fdber sa prihl\u00e1silo spolu 34 kopovov. Sk\u00fa\u0161a\u0165 sa bude 5 min\u00fat od prv\u00e9ho kontaktu s diviakom [&hellip;]<\/p>\n","protected":false},"author":1,"featured_media":20723,"comment_status":"open","ping_status":"closed","sticky":false,"template":"","format":"standard","meta":{"ngg_post_thumbnail":0,"ocean_post_layout":"","ocean_both_sidebars_style":"","ocean_both_sidebars_content_width":0,"ocean_both_sidebars_sidebars_width":0,"ocean_sidebar":"0","ocean_second_sidebar":"0","ocean_disable_margins":"enable","ocean_add_body_class":"","ocean_shortcode_before_top_bar":"","ocean_shortcode_after_top_bar":"","ocean_shortcode_before_header":"","ocean_shortcode_after_header":"","ocean_has_shortcode":"","ocean_shortcode_after_title":"","ocean_shortcode_before_footer_widgets":"","ocean_shortcode_after_footer_widgets":"","ocean_shortcode_before_footer_bottom":"","ocean_shortcode_after_footer_bottom":"","ocean_display_top_bar":"default","ocean_display_header":"default","ocean_header_style":"","ocean_center_header_left_menu":"0","ocean_custom_header_template":"0","ocean_custom_logo":0,"ocean_custom_retina_logo":0,"ocean_custom_logo_max_width":0,"ocean_custom_logo_tablet_max_width":0,"ocean_custom_logo_mobile_max_width":0,"ocean_custom_logo_max_height":0,"ocean_custom_logo_tablet_max_height":0,"ocean_custom_logo_mobile_max_height":0,"ocean_header_custom_menu":"0","ocean_menu_typo_font_family":"0","ocean_menu_typo_font_subset":"","ocean_menu_typo_font_size":0,"ocean_menu_typo_font_size_tablet":0,"ocean_menu_typo_font_size_mobile":0,"ocean_menu_typo_font_size_unit":"px","ocean_menu_typo_font_weight":"","ocean_menu_typo_font_weight_tablet":"","ocean_menu_typo_font_weight_mobile":"","ocean_menu_typo_transform":"","ocean_menu_typo_transform_tablet":"","ocean_menu_typo_transform_mobile":"","ocean_menu_typo_line_height":0,"ocean_menu_typo_line_height_tablet":0,"ocean_menu_typo_line_height_mobile":0,"ocean_menu_typo_line_height_unit":"","ocean_menu_typo_spacing":0,"ocean_menu_typo_spacing_tablet":0,"ocean_menu_typo_spacing_mobile":0,"ocean_menu_typo_spacing_unit":"","ocean_menu_link_color":"","ocean_menu_link_color_hover":"","ocean_menu_link_color_active":"","ocean_menu_link_background":"","ocean_menu_link_hover_background":"","ocean_menu_link_active_background":"","ocean_menu_social_links_bg":"","ocean_menu_social_hover_links_bg":"","ocean_menu_social_links_color":"","ocean_menu_social_hover_links_color":"","ocean_disable_title":"default","ocean_disable_heading":"default","ocean_post_title":"","ocean_post_subheading":"","ocean_post_title_style":"","ocean_post_title_background_color":"","ocean_post_title_background":0,"ocean_post_title_bg_image_position":"","ocean_post_title_bg_image_attachment":"","ocean_post_title_bg_image_repeat":"","ocean_post_title_bg_image_size":"","ocean_post_title_height":0,"ocean_post_title_bg_overlay":0.5,"ocean_post_title_bg_overlay_color":"","ocean_disable_breadcrumbs":"default","ocean_breadcrumbs_color":"","ocean_breadcrumbs_separator_color":"","ocean_breadcrumbs_links_color":"","ocean_breadcrumbs_links_hover_color":"","ocean_display_footer_widgets":"default","ocean_display_footer_bottom":"default","ocean_custom_footer_template":"0","ocean_post_oembed":"","ocean_post_self_hosted_media":"","ocean_post_video_embed":"","ocean_link_format":"","ocean_link_format_target":"self","ocean_quote_format":"","ocean_quote_format_link":"post","ocean_gallery_link_images":"off","ocean_gallery_id":[],"footnotes":""},"categories":[8],"tags":[],"class_list":["post-30478","post","type-post","status-publish","format-standard","has-post-thumbnail","hentry","category-oznamy","entry","has-media"],"_links":{"self":[{"href":"https:\/\/slovensky-kopov.sk\/index.php?rest_route=\/wp\/v2\/posts\/30478","targetHints":{"allow":["GET"]}}],"collection":[{"href":"https:\/\/slovensky-kopov.sk\/index.php?rest_route=\/wp\/v2\/posts"}],"about":[{"href":"https:\/\/slovensky-kopov.sk\/index.php?rest_route=\/wp\/v2\/types\/post"}],"author":[{"embeddable":true,"href":"https:\/\/slovensky-kopov.sk\/index.php?rest_route=\/wp\/v2\/users\/1"}],"replies":[{"embeddable":true,"href":"https:\/\/slovensky-kopov.sk\/index.php?rest_route=%2Fwp%2Fv2%2Fcomments&post=30478"}],"version-history":[{"count":0,"href":"https:\/\/slovensky-kopov.sk\/index.php?rest_route=\/wp\/v2\/posts\/30478\/revisions"}],"wp:featuredmedia":[{"embeddable":true,"href":"https:\/\/slovensky-kopov.sk\/index.php?rest_route=\/"}],"wp:attachment":[{"href":"https:\/\/slovensky-kopov.sk\/index.php?rest_route=%2Fwp%2Fv2%2Fmedia&parent=30478"}],"wp:term":[{"taxonomy":"category","embeddable":true,"href":"https:\/\/slovensky-kopov.sk\/index.php?rest_route=%2Fwp%2Fv2%2Fcategories&post=30478"},{"taxonomy":"post_tag","embeddable":true,"href":"https:\/\/slovensky-kopov.sk\/index.php?rest_route=%2Fwp%2Fv2%2Ftags&post=30478"}],"curies":[{"name":"wp","href":"https:\/\/api.w.org\/{rel}","templated":true}]}}