{"id":30563,"date":"2019-09-30T16:34:11","date_gmt":"2019-09-30T14:34:11","guid":{"rendered":"https:\/\/www.slovensky-kopov.sk\/?p=30563"},"modified":"2019-09-30T16:34:11","modified_gmt":"2019-09-30T14:34:11","slug":"hlavny-vyber-na-mar-a-mair-2019-13-10-2019","status":"publish","type":"post","link":"https:\/\/slovensky-kopov.sk\/?p=30563","title":{"rendered":"Hlavn\u00fd v\u00fdber na MAR a MAIR 2019 &#8211; 13.10.2019 Div\u00edn"},"content":{"rendered":"<p>D\u0148a 13.10.2019 sa o 9.00 v opl\u00f4tku v Divine bude kona\u0165 hlavn\u00fd v\u00fdber na MAR a MAIR 2019.<\/p>\n<p>V\u00fdberu sa z\u00fa\u010dastn\u00ed 15 slovensk\u00fdch kopovov.<\/p>\n<table style=\"border-collapse: collapse; width: 64.523%; height: 406px;\">\n<tbody>\n<tr style=\"height: 24px;\">\n<td style=\"width: 46.0924%; height: 24px;\">SPKP \/ Meno psa\/suky<\/td>\n<td style=\"width: 28.5867%; height: 24px;\">Meno vodi\u010da<\/td>\n<\/tr>\n<tr style=\"height: 24px;\">\n<td style=\"width: 46.0924%; height: 24px;\">17605\/19&nbsp;<strong>AGIE Br\u010dkov dvor<\/strong><\/td>\n<td style=\"width: 28.5867%; height: 24px;\">Franti\u0161ek Ond\u00e1k<\/td>\n<\/tr>\n<tr style=\"height: 24px;\">\n<td style=\"width: 46.0924%; height: 24px;\">17684\/19&nbsp;<strong>ANDER z Dlhopolskej Doliny<\/strong><\/td>\n<td style=\"width: 28.5867%; height: 24px;\">Ing. Anton Kudel\u010d\u00edk<\/td>\n<\/tr>\n<tr style=\"height: 24px;\">\n<td style=\"width: 46.0924%; height: 24px;\">17687\/19&nbsp;<strong>ANDY z Dlhopolskej doliny<\/strong><\/td>\n<td style=\"width: 28.5867%; height: 24px;\">Mari\u00e1n&nbsp; Poll\u00e1k<\/td>\n<\/tr>\n<tr style=\"height: 24px;\">\n<td style=\"width: 46.0924%; height: 24px;\">17890&nbsp;<strong>AKY spod Mn\u00edchovej \u00fabo\u010de<\/strong><\/td>\n<td style=\"width: 28.5867%; height: 24px;\">Viliam Mas\u00e1r<\/td>\n<\/tr>\n<tr style=\"height: 35px;\">\n<td style=\"width: 46.0924%; height: 35px;\">17583&nbsp;<strong>BADD Chmelov dvor v L\u00e1be<\/strong><\/td>\n<td style=\"width: 28.5867%; height: 35px;\">Bc. Michal D\u00e1vid<\/td>\n<\/tr>\n<tr style=\"height: 24px;\">\n<td style=\"width: 46.0924%; height: 24px;\">17955\/19&nbsp;<strong>BORAN Astor bojna<\/strong><\/td>\n<td style=\"width: 28.5867%; height: 24px;\">Vladim\u00edr Pe\u0165ko<\/td>\n<\/tr>\n<tr style=\"height: 24px;\">\n<td style=\"width: 46.0924%; height: 24px;\">18103\/19&nbsp;<strong>BRUT od \u0160ratnova<\/strong><\/td>\n<td style=\"width: 28.5867%; height: 24px;\">Bc. Jozef Kr\u00e1lik<\/td>\n<\/tr>\n<tr style=\"height: 24px;\">\n<td style=\"width: 46.0924%; height: 24px;\">17399\/19&nbsp;<strong>CASIUS spod Kunovej<\/strong><\/td>\n<td style=\"width: 28.5867%; height: 24px;\">Ing. Norbert Kov\u00e1\u010dik, PhD.<\/td>\n<\/tr>\n<tr style=\"height: 24px;\">\n<td style=\"width: 46.0924%; height: 24px;\">17404\/18&nbsp;<strong>CIFRA spod Kunovej<\/strong><\/td>\n<td style=\"width: 28.5867%; height: 24px;\">Pavol Seman<\/td>\n<\/tr>\n<tr style=\"height: 24px;\">\n<td style=\"width: 46.0924%; height: 24px;\">17401\/18&nbsp;<strong>CODY spod Kunovej<\/strong><\/td>\n<td style=\"width: 28.5867%; height: 24px;\">Marek \u0160tofan\u00edk<\/td>\n<\/tr>\n<tr style=\"height: 24px;\">\n<td style=\"width: 46.0924%; height: 24px;\">17403\/18&nbsp;<strong>CRIS spod Kunovej<\/strong><\/td>\n<td style=\"width: 28.5867%; height: 24px;\">MVDr. Slavom\u00edra Harba\u013eov\u00e1 Lupt\u00e1kov\u00e1<\/td>\n<\/tr>\n<tr style=\"height: 35px;\">\n<td style=\"width: 46.0924%; height: 35px;\">&nbsp;16950\/18&nbsp;<strong>EBBIE od Majira<\/strong><\/td>\n<td style=\"width: 28.5867%; height: 35px;\">&nbsp;Jozef Ivan<\/td>\n<\/tr>\n<tr style=\"height: 24px;\">\n<td style=\"width: 46.0924%; height: 24px;\">16915\/17&nbsp;<strong>ER\u017dA z Poliakovca<\/strong><\/td>\n<td style=\"width: 28.5867%; height: 24px;\">Ing. Marek Cvik<\/td>\n<\/tr>\n<tr style=\"height: 24px;\">\n<td style=\"width: 46.0924%; height: 24px;\">16495\/17&nbsp;<strong>GERDA \u0160irok\u00e1 dolina<\/strong><\/td>\n<td style=\"width: 28.5867%; height: 24px;\">Miroslav Diani\u0161ka<\/td>\n<\/tr>\n<tr style=\"height: 24px;\">\n<td style=\"width: 46.0924%; height: 24px;\">17275\/18&nbsp;<strong>HERA z Hornej B\u00e1by<\/strong><\/td>\n<td style=\"width: 28.5867%; height: 24px;\">Michal Valaskai<\/td>\n<\/tr>\n<\/tbody>\n<\/table>\n<p>&nbsp;<\/p>\n","protected":false},"excerpt":{"rendered":"<p>D\u0148a 13.10.2019 sa o 9.00 v opl\u00f4tku v Divine bude kona\u0165 hlavn\u00fd v\u00fdber na MAR a MAIR 2019. V\u00fdberu sa z\u00fa\u010dastn\u00ed 15 slovensk\u00fdch kopovov. SPKP \/ Meno psa\/suky Meno vodi\u010da [&hellip;]<\/p>\n","protected":false},"author":1,"featured_media":20723,"comment_status":"open","ping_status":"closed","sticky":false,"template":"","format":"standard","meta":{"ngg_post_thumbnail":0,"ocean_post_layout":"","ocean_both_sidebars_style":"","ocean_both_sidebars_content_width":0,"ocean_both_sidebars_sidebars_width":0,"ocean_sidebar":"0","ocean_second_sidebar":"0","ocean_disable_margins":"enable","ocean_add_body_class":"","ocean_shortcode_before_top_bar":"","ocean_shortcode_after_top_bar":"","ocean_shortcode_before_header":"","ocean_shortcode_after_header":"","ocean_has_shortcode":"","ocean_shortcode_after_title":"","ocean_shortcode_before_footer_widgets":"","ocean_shortcode_after_footer_widgets":"","ocean_shortcode_before_footer_bottom":"","ocean_shortcode_after_footer_bottom":"","ocean_display_top_bar":"default","ocean_display_header":"default","ocean_header_style":"","ocean_center_header_left_menu":"0","ocean_custom_header_template":"0","ocean_custom_logo":0,"ocean_custom_retina_logo":0,"ocean_custom_logo_max_width":0,"ocean_custom_logo_tablet_max_width":0,"ocean_custom_logo_mobile_max_width":0,"ocean_custom_logo_max_height":0,"ocean_custom_logo_tablet_max_height":0,"ocean_custom_logo_mobile_max_height":0,"ocean_header_custom_menu":"0","ocean_menu_typo_font_family":"0","ocean_menu_typo_font_subset":"","ocean_menu_typo_font_size":0,"ocean_menu_typo_font_size_tablet":0,"ocean_menu_typo_font_size_mobile":0,"ocean_menu_typo_font_size_unit":"px","ocean_menu_typo_font_weight":"","ocean_menu_typo_font_weight_tablet":"","ocean_menu_typo_font_weight_mobile":"","ocean_menu_typo_transform":"","ocean_menu_typo_transform_tablet":"","ocean_menu_typo_transform_mobile":"","ocean_menu_typo_line_height":0,"ocean_menu_typo_line_height_tablet":0,"ocean_menu_typo_line_height_mobile":0,"ocean_menu_typo_line_height_unit":"","ocean_menu_typo_spacing":0,"ocean_menu_typo_spacing_tablet":0,"ocean_menu_typo_spacing_mobile":0,"ocean_menu_typo_spacing_unit":"","ocean_menu_link_color":"","ocean_menu_link_color_hover":"","ocean_menu_link_color_active":"","ocean_menu_link_background":"","ocean_menu_link_hover_background":"","ocean_menu_link_active_background":"","ocean_menu_social_links_bg":"","ocean_menu_social_hover_links_bg":"","ocean_menu_social_links_color":"","ocean_menu_social_hover_links_color":"","ocean_disable_title":"default","ocean_disable_heading":"default","ocean_post_title":"","ocean_post_subheading":"","ocean_post_title_style":"","ocean_post_title_background_color":"","ocean_post_title_background":0,"ocean_post_title_bg_image_position":"","ocean_post_title_bg_image_attachment":"","ocean_post_title_bg_image_repeat":"","ocean_post_title_bg_image_size":"","ocean_post_title_height":0,"ocean_post_title_bg_overlay":0.5,"ocean_post_title_bg_overlay_color":"","ocean_disable_breadcrumbs":"default","ocean_breadcrumbs_color":"","ocean_breadcrumbs_separator_color":"","ocean_breadcrumbs_links_color":"","ocean_breadcrumbs_links_hover_color":"","ocean_display_footer_widgets":"default","ocean_display_footer_bottom":"default","ocean_custom_footer_template":"0","ocean_post_oembed":"","ocean_post_self_hosted_media":"","ocean_post_video_embed":"","ocean_link_format":"","ocean_link_format_target":"self","ocean_quote_format":"","ocean_quote_format_link":"post","ocean_gallery_link_images":"off","ocean_gallery_id":[],"footnotes":""},"categories":[8],"tags":[],"class_list":["post-30563","post","type-post","status-publish","format-standard","has-post-thumbnail","hentry","category-oznamy","entry","has-media"],"_links":{"self":[{"href":"https:\/\/slovensky-kopov.sk\/index.php?rest_route=\/wp\/v2\/posts\/30563","targetHints":{"allow":["GET"]}}],"collection":[{"href":"https:\/\/slovensky-kopov.sk\/index.php?rest_route=\/wp\/v2\/posts"}],"about":[{"href":"https:\/\/slovensky-kopov.sk\/index.php?rest_route=\/wp\/v2\/types\/post"}],"author":[{"embeddable":true,"href":"https:\/\/slovensky-kopov.sk\/index.php?rest_route=\/wp\/v2\/users\/1"}],"replies":[{"embeddable":true,"href":"https:\/\/slovensky-kopov.sk\/index.php?rest_route=%2Fwp%2Fv2%2Fcomments&post=30563"}],"version-history":[{"count":0,"href":"https:\/\/slovensky-kopov.sk\/index.php?rest_route=\/wp\/v2\/posts\/30563\/revisions"}],"wp:featuredmedia":[{"embeddable":true,"href":"https:\/\/slovensky-kopov.sk\/index.php?rest_route=\/"}],"wp:attachment":[{"href":"https:\/\/slovensky-kopov.sk\/index.php?rest_route=%2Fwp%2Fv2%2Fmedia&parent=30563"}],"wp:term":[{"taxonomy":"category","embeddable":true,"href":"https:\/\/slovensky-kopov.sk\/index.php?rest_route=%2Fwp%2Fv2%2Fcategories&post=30563"},{"taxonomy":"post_tag","embeddable":true,"href":"https:\/\/slovensky-kopov.sk\/index.php?rest_route=%2Fwp%2Fv2%2Ftags&post=30563"}],"curies":[{"name":"wp","href":"https:\/\/api.w.org\/{rel}","templated":true}]}}